{"Signatur": "ZH_SVG_001", "Spider": "ZH_Sozialversicherungsgericht", "Sprache": "de", "Datum": "2012-01-26", "HTML": {"Datei": "ZH_Sozialversicherungsgericht/ZH_SVG_001_KK-2010-00033_2012-01-26.html", "URL": "https://chid003d.ideso.ch/c050018/svg/findexweb.nsf/urteil.xsp?uid=UWEE-9AR7FY", "Checksum": "022aad0ff48415f05da5c5aadbcfb47d"}, "Num": ["KK.2010.00033"], "Kopfzeile": [{"Sprachen": ["de"], "Text": "Z\u00fcrich Sozialverischerungsgericht 26.01.2012 KK.2010.00033"}, {"Sprachen": ["fr"], "Text": "Zurich Sozialverischerungsgericht 26.01.2012 KK.2010.00033"}, {"Sprachen": ["it"], "Text": "Zurigo Sozialverischerungsgericht 26.01.2012 KK.2010.00033"}], "Meta": [{"Sprachen": ["de"], "Text": "Z\u00fcrich Sozialverischerungsgericht "}, {"Sprachen": ["fr"], "Text": "Zurich Sozialverischerungsgericht "}, {"Sprachen": ["it"], "Text": "Zurigo Sozialverischerungsgericht "}], "Abstract": [{"Sprachen": ["de", "fr", "it"], "Text": "R\u00fcckforderung Taggelder wegen \u00dcberentsch\u00e4digung; Aktivlegitimation, Verj\u00e4hrung Koordinationsregel in KVG 73  (i.V.m. VVG 100 II) anwendbar, ALV-Leistungen subsidi\u00e4r"}], "ScrapyJob": "446973/33/117", "Zeit UTC": "21.02.2021 00:54:26", "Checksum": "5ec39295610ec210b181c6bd298d503e"}