{"Signatur": "ZH_SVG_001", "Spider": "ZH_Sozialversicherungsgericht", "Sprache": "de", "Datum": "2013-02-28", "HTML": {"Datei": "ZH_Sozialversicherungsgericht/ZH_SVG_001_KK-2012-00041_2013-02-28.html", "URL": "https://chid003d.ideso.ch/c050018/svg/findexweb.nsf/urteil.xsp?uid=UWEE-9AR9Z4", "Checksum": "7a874c5a9155a8cb7d7c01e7f7f501ad"}, "Num": ["KK.2012.00041"], "Kopfzeile": [{"Sprachen": ["de"], "Text": "Z\u00fcrich Sozialverischerungsgericht 28.02.2013 KK.2012.00041"}, {"Sprachen": ["fr"], "Text": "Zurich Sozialverischerungsgericht 28.02.2013 KK.2012.00041"}, {"Sprachen": ["it"], "Text": "Zurigo Sozialverischerungsgericht 28.02.2013 KK.2012.00041"}], "Meta": [{"Sprachen": ["de"], "Text": "Z\u00fcrich Sozialverischerungsgericht "}, {"Sprachen": ["fr"], "Text": "Zurich Sozialverischerungsgericht "}, {"Sprachen": ["it"], "Text": "Zurigo Sozialverischerungsgericht "}], "Abstract": [{"Sprachen": ["de", "fr", "it"], "Text": "K\u00fcndigung der Zusatzversicherungen nach VVG durch Beist\u00e4ndin ist rechtsg\u00fcltig, auch wenn der Kl\u00e4ger damit nicht einverstanden ist."}], "ScrapyJob": "446973/33/117", "Zeit UTC": "21.02.2021 00:49:18", "Checksum": "e28cc6cf3b4b6bfc260068aa69ba77fb"}