{"Signatur": "ZH_SVG_001", "Spider": "ZH_Sozialversicherungsgericht", "Sprache": "de", "Datum": "2019-03-05", "HTML": {"Datei": "ZH_Sozialversicherungsgericht/ZH_SVG_001_KK-2016-00070_2019-03-05.html", "URL": "https://findex.webgate.cloud/entscheide/KK.2016.00070.html", "Checksum": "d66785cd589a0766e6c7c4e36110e2b3"}, "Scrapedate": "2023-01-01", "Num": ["KK.2016.00070"], "Kopfzeile": [{"Sprachen": ["de"], "Text": "Z\u00fcrich Sozialversicherungsgericht 05.03.2019 KK.2016.00070"}, {"Sprachen": ["fr"], "Text": "Zurich Sozialversicherungsgericht 05.03.2019 KK.2016.00070"}, {"Sprachen": ["it"], "Text": "Zurigo Sozialversicherungsgericht 05.03.2019 KK.2016.00070"}], "Meta": [{"Sprachen": ["de"], "Text": "Z\u00fcrich Sozialversicherungsgericht "}, {"Sprachen": ["fr"], "Text": "Zurich Sozialversicherungsgericht "}, {"Sprachen": ["it"], "Text": "Zurigo Sozialversicherungsgericht "}], "Abstract": [{"Sprachen": ["de", "fr", "it"], "Text": "Taggeld; der massgebliche Kollektivtaggeldvertrag sieht bei befristeten Arbeitsverh\u00e4ltnissen eine Terminierung s\u00e4mtlicher Leistungen mit dem Ausscheiden aus der Kollektivversicherung vor; f\u00fcr die w\u00e4hrend der Dauer der Kollektivversicherung beziehungsweise vor Abschluss der Einzeltaggeldversicherung eingetretene Arbeitsunf\u00e4higkeit k\u00f6nnen wegen des R\u00fcckw\u00e4rtsversicherungsverbots in Art.\u00a09 VVG keine Taggelder zugesprochen werden.   "}], "ScrapyJob": "446973/33/1864", "Zeit UTC": "06.05.2025 02:52:20", "Checksum": "d0351a5dc11fe3664ff2b838be3551a1"}