{"Signatur": "ZH_SVG_001", "Spider": "ZH_Sozialversicherungsgericht", "Sprache": "de", "Datum": "2022-08-08", "HTML": {"Datei": "ZH_Sozialversicherungsgericht/ZH_SVG_001_KK-2021-00020_2022-08-08.html", "URL": "https://findex.webgate.cloud/entscheide/KK.2021.00020.html", "Checksum": "5c52ac4d4835dce83b967ced4f08d61e"}, "Scrapedate": "2023-01-01", "Num": ["KK.2021.00020"], "Kopfzeile": [{"Sprachen": ["de"], "Text": "Z\u00fcrich Sozialversicherungsgericht 08.08.2022 KK.2021.00020"}, {"Sprachen": ["fr"], "Text": "Zurich Sozialversicherungsgericht 08.08.2022 KK.2021.00020"}, {"Sprachen": ["it"], "Text": "Zurigo Sozialversicherungsgericht 08.08.2022 KK.2021.00020"}], "Meta": [{"Sprachen": ["de"], "Text": "Z\u00fcrich Sozialversicherungsgericht "}, {"Sprachen": ["fr"], "Text": "Zurich Sozialversicherungsgericht "}, {"Sprachen": ["it"], "Text": "Zurigo Sozialversicherungsgericht "}], "Abstract": [{"Sprachen": ["de", "fr", "it"], "Text": "\u00c4rztliches Attest einer 60%igen Arbeitsf\u00e4higkeit bezogen auf eine Vollzeitbesch\u00e4ftigung. Im versicherten Teilzeitpensum von 60\u00a0% besteht damit keine Arbeitsunf\u00e4higkeit. Aufgrund der Konzipierung der zur Diskussion stehenden Krankentaggeldversicherung nach VVG als Erwerbsausfallversicherung und in Analyse der massgebenden AVB ist der Taggeldanspruch zu verneinen."}], "ScrapyJob": "446973/33/1947", "Zeit UTC": "24.07.2025 00:43:18", "Checksum": "65eaad12a0a8f11e76b9603ecc1f4dee"}