{"Signatur": "ZH_SVG_001", "Spider": "ZH_Sozialversicherungsgericht", "Sprache": "de", "Datum": "2011-01-31", "HTML": {"Datei": "ZH_Sozialversicherungsgericht/ZH_SVG_001_KV-2010-00012_2011-01-31.html", "URL": "https://chid003d.ideso.ch/c050018/svg/findexweb.nsf/urteil.xsp?uid=UWEE-9AR5E4", "Checksum": "090c586797079162c12b15fe4876cf3b"}, "Num": ["KV.2010.00012"], "Kopfzeile": [{"Sprachen": ["de"], "Text": "Z\u00fcrich Sozialverischerungsgericht 31.01.2011 KV.2010.00012"}, {"Sprachen": ["fr"], "Text": "Zurich Sozialverischerungsgericht 31.01.2011 KV.2010.00012"}, {"Sprachen": ["it"], "Text": "Zurigo Sozialverischerungsgericht 31.01.2011 KV.2010.00012"}], "Meta": [{"Sprachen": ["de"], "Text": "Z\u00fcrich Sozialverischerungsgericht "}, {"Sprachen": ["fr"], "Text": "Zurich Sozialverischerungsgericht "}, {"Sprachen": ["it"], "Text": "Zurigo Sozialverischerungsgericht "}], "Abstract": [{"Sprachen": ["de", "fr", "it"], "Text": "Behandlung von ADHS im Erwachsenenelter, fehlende Indikation f\u00fcr Behandlung mit Concerta gem\u00e4ss Spezialit\u00e4tenliste, off-label-use, Voraussetzungen nicht erf\u00fcllt"}], "ScrapyJob": "446973/33/117", "Zeit UTC": "21.02.2021 00:54:28", "Checksum": "c77f5565da9ec1750b1c9b916ce1ea41"}