{"Signatur": "ZH_SVG_001", "Spider": "ZH_Sozialversicherungsgericht", "Sprache": "de", "Datum": "2021-09-28", "HTML": {"Datei": "ZH_Sozialversicherungsgericht/ZH_SVG_001_KV-2021-00046_2021-09-28.html", "URL": "https://findex.webgate.cloud/entscheide/KV.2021.00046.html", "Checksum": "af6f65b0f4035ac7102a9ddd1c3870c3"}, "Scrapedate": "2023-01-01", "Num": ["KV.2021.00046"], "Kopfzeile": [{"Sprachen": ["de"], "Text": "Z\u00fcrich Sozialversicherungsgericht 28.09.2021 KV.2021.00046"}, {"Sprachen": ["fr"], "Text": "Zurich Sozialversicherungsgericht 28.09.2021 KV.2021.00046"}, {"Sprachen": ["it"], "Text": "Zurigo Sozialversicherungsgericht 28.09.2021 KV.2021.00046"}], "Meta": [{"Sprachen": ["de"], "Text": "Z\u00fcrich Sozialversicherungsgericht "}, {"Sprachen": ["fr"], "Text": "Zurich Sozialversicherungsgericht "}, {"Sprachen": ["it"], "Text": "Zurigo Sozialversicherungsgericht "}], "Abstract": [{"Sprachen": ["de", "fr", "it"], "Text": "Revision des kantonalen Rechts: Der Anspruch auf individuelle Pr\u00e4mienverbilligung beurteilte sich bis zum Anspruchsjahr 2020 nach altem Recht, wonach die Einkommensverh\u00e4ltnisses der Vorjahre massgebend waren; ab 2021 sind nach neuem Recht die Einkommensverh\u00e4ltnisse das Anspruchsjahres massgebend; kein Verstoss gegen Bundesrecht, auch nicht durch Bemessungsl\u00fccke 2020; Abweisung (BGE 8C_740/2021)"}], "ScrapyJob": "446973/33/1864", "Zeit UTC": "06.05.2025 02:59:24", "Checksum": "05c5d1140ac5cfe9fdfb38547aa3e4b4"}