{"Signatur": "ZH_SVG_001", "Spider": "ZH_Sozialversicherungsgericht", "Sprache": "de", "Datum": "2022-06-14", "HTML": {"Datei": "ZH_Sozialversicherungsgericht/ZH_SVG_001_KV-2022-00009_2022-06-14.html", "URL": "https://findex.webgate.cloud/entscheide/KV.2022.00009.html", "Checksum": "01da4d791485194d4184c76e7ad6b09c"}, "Scrapedate": "2023-01-01", "Num": ["KV.2022.00009"], "Kopfzeile": [{"Sprachen": ["de"], "Text": "Z\u00fcrich Sozialversicherungsgericht 14.06.2022 KV.2022.00009"}, {"Sprachen": ["fr"], "Text": "Zurich Sozialversicherungsgericht 14.06.2022 KV.2022.00009"}, {"Sprachen": ["it"], "Text": "Zurigo Sozialversicherungsgericht 14.06.2022 KV.2022.00009"}], "Meta": [{"Sprachen": ["de"], "Text": "Z\u00fcrich Sozialversicherungsgericht "}, {"Sprachen": ["fr"], "Text": "Zurich Sozialversicherungsgericht "}, {"Sprachen": ["it"], "Text": "Zurigo Sozialversicherungsgericht "}], "Abstract": [{"Sprachen": ["de", "fr", "it"], "Text": "Der Befreiungstatbestand nach KVV 2 VIII ist f\u00fcr die Konstellation konzipiert, dass eine Person bereits bei Eintreten des Sachverhalts, der zur Unterstellung unter das schweizerische Krankenversicherungsobligatorium f\u00fchrt, \u00fcber einen privaten Versicherungsschutz verf\u00fcgt, der die Leistungen nach KVG \u00fcbertrifft und dessen Aufgabe zu einer klaren Verschlechterung f\u00fchren w\u00fcrde. Nicht unter diese Konstellation f\u00e4llt hingegen eine Person, die zuerst w\u00e4hrend mehrerer Jahre bei einer schweizerischen Krankenkasse f\u00fcr die Leistungen der obligatorischen Krankenpflegeversicherung nach KVG versichert gewesen ist und erst dann eine ausl\u00e4ndische private Krankenversicherung abschliesst. (BGE 9C_394/2022)"}], "ScrapyJob": "446973/33/1947", "Zeit UTC": "24.07.2025 00:53:27", "Checksum": "61c1b55d64c69079c22ecbc5ae50ec5e"}