{"Signatur": "ZH_SVG_001", "Spider": "ZH_Sozialversicherungsgericht", "Sprache": "de", "Datum": "2023-06-23", "HTML": {"Datei": "ZH_Sozialversicherungsgericht/ZH_SVG_001_KV-2023-00019_2023-06-23.html", "URL": "https://findex.webgate.cloud/entscheide/KV.2023.00019.html", "Checksum": "ccea898c4d5e86134f3baa9b2587b50c"}, "Scrapedate": "2023-01-01", "Num": ["KV.2023.00019"], "Kopfzeile": [{"Sprachen": ["de"], "Text": "Z\u00fcrich Sozialversicherungsgericht 23.06.2023 KV.2023.00019"}, {"Sprachen": ["fr"], "Text": "Zurich Sozialversicherungsgericht 23.06.2023 KV.2023.00019"}, {"Sprachen": ["it"], "Text": "Zurigo Sozialversicherungsgericht 23.06.2023 KV.2023.00019"}], "Meta": [{"Sprachen": ["de"], "Text": "Z\u00fcrich Sozialversicherungsgericht "}, {"Sprachen": ["fr"], "Text": "Zurich Sozialversicherungsgericht "}, {"Sprachen": ["it"], "Text": "Zurigo Sozialversicherungsgericht "}], "Abstract": [{"Sprachen": ["de", "fr", "it"], "Text": "Die Voraussetzungen f\u00fcr eine Befreiung von der Versicherungspflicht gest\u00fctzt auf Art.\u00a02 Abs.\u00a08 KVV sind nicht erf\u00fcllt. Keine klare Verschlechterung durch Unterstellung unter das KVG, da die Gleichwertigkeit der ausl\u00e4ndischen Versicherung aufgrund von Einschr\u00e4nkungen bei gewissen vom KVG gedeckten Leistungen nicht gegeben ist. "}], "ScrapyJob": "446973/33/1947", "Zeit UTC": "24.07.2025 00:53:26", "Checksum": "d3de6d4de173ef06112a58b6f85d02f0"}