{"Signatur": "ZH_SVG_001", "Spider": "ZH_Sozialversicherungsgericht", "Sprache": "de", "Datum": "2013-06-28", "HTML": {"Datei": "ZH_Sozialversicherungsgericht/ZH_SVG_001_MV-2011-00002_2013-06-28.html", "URL": "https://chid003d.ideso.ch/c050018/svg/findexweb.nsf/urteil.xsp?uid=UWEE-9ARABB", "Checksum": "5f538c29e308930f0a26776a7bd11aad"}, "Num": ["MV.2011.00002"], "Kopfzeile": [{"Sprachen": ["de"], "Text": "Z\u00fcrich Sozialverischerungsgericht 28.06.2013 MV.2011.00002"}, {"Sprachen": ["fr"], "Text": "Zurich Sozialverischerungsgericht 28.06.2013 MV.2011.00002"}, {"Sprachen": ["it"], "Text": "Zurigo Sozialverischerungsgericht 28.06.2013 MV.2011.00002"}], "Meta": [{"Sprachen": ["de"], "Text": "Z\u00fcrich Sozialverischerungsgericht "}, {"Sprachen": ["fr"], "Text": "Zurich Sozialverischerungsgericht "}, {"Sprachen": ["it"], "Text": "Zurigo Sozialverischerungsgericht "}], "Abstract": [{"Sprachen": ["de", "fr", "it"], "Text": "Psych. St\u00f6rung steht in keinem ad\u00e4quaten Kausalzusammenhang zum Reitunfall im WK; betreffend Haftung f\u00fcr somatische Beschwerden hat MV noch gar nicht verf\u00fcgt."}], "ScrapyJob": "446973/33/117", "Zeit UTC": "21.02.2021 00:52:29", "Checksum": "da28654ebc7ad236518b39c457f8dded"}