{"Signatur": "ZH_SVG_001", "Spider": "ZH_Sozialversicherungsgericht", "Sprache": "de", "Datum": "2003-06-30", "HTML": {"Datei": "ZH_Sozialversicherungsgericht/ZH_SVG_001_UV-2002-00099_2003-06-30.html", "URL": "https://chid003d.ideso.ch/c050018/svg/findexweb.nsf/urteil.xsp?uid=UWEE-9AQJLT", "Checksum": "a2ca8b0536dcd92d6c2ef58bfba94aff"}, "Num": ["UV.2002.00099"], "Kopfzeile": [{"Sprachen": ["de"], "Text": "Z\u00fcrich Sozialverischerungsgericht 30.06.2003 UV.2002.00099"}, {"Sprachen": ["fr"], "Text": "Zurich Sozialverischerungsgericht 30.06.2003 UV.2002.00099"}, {"Sprachen": ["it"], "Text": "Zurigo Sozialverischerungsgericht 30.06.2003 UV.2002.00099"}], "Meta": [{"Sprachen": ["de"], "Text": "Z\u00fcrich Sozialverischerungsgericht "}, {"Sprachen": ["fr"], "Text": "Zurich Sozialverischerungsgericht "}, {"Sprachen": ["it"], "Text": "Zurigo Sozialverischerungsgericht "}], "Abstract": [{"Sprachen": ["de", "fr", "it"], "Text": "Taggeldanspruch: Bei der Beurteilung der Arbeitsf\u00e4higkeit kann bei gek\u00fcndeter Anstellung nicht auf die R\u00fccksichtnahmen des Arbeitgebers abgest\u00fctzt werden. "}], "ScrapyJob": "446973/33/117", "Zeit UTC": "21.02.2021 00:06:20", "Checksum": "82b279ebf5806453ba08363d30ea6a2c"}