{"Signatur": "ZH_SVG_001", "Spider": "ZH_Sozialversicherungsgericht", "Sprache": "de", "Datum": "2003-12-02", "HTML": {"Datei": "ZH_Sozialversicherungsgericht/ZH_SVG_001_UV-2003-00055_2003-12-02.html", "URL": "https://chid003d.ideso.ch/c050018/svg/findexweb.nsf/urteil.xsp?uid=UWEE-9AQKAS", "Checksum": "99568908a6b2ef66de1f543ce4a447cb"}, "Num": ["UV.2003.00055"], "Kopfzeile": [{"Sprachen": ["de"], "Text": "Z\u00fcrich Sozialverischerungsgericht 02.12.2003 UV.2003.00055"}, {"Sprachen": ["fr"], "Text": "Zurich Sozialverischerungsgericht 02.12.2003 UV.2003.00055"}, {"Sprachen": ["it"], "Text": "Zurigo Sozialverischerungsgericht 02.12.2003 UV.2003.00055"}], "Meta": [{"Sprachen": ["de"], "Text": "Z\u00fcrich Sozialverischerungsgericht "}, {"Sprachen": ["fr"], "Text": "Zurich Sozialverischerungsgericht "}, {"Sprachen": ["it"], "Text": "Zurigo Sozialverischerungsgericht "}], "Abstract": [{"Sprachen": ["de", "fr", "it"], "Text": "Berufskrankheit: Die die geklagten Beschwerden erkl\u00e4rende psychische St\u00f6rung wurde nicht durch die berufliche T\u00e4tigkeit verursacht"}], "ScrapyJob": "446973/33/117", "Zeit UTC": "21.02.2021 01:14:47", "Checksum": "c27251b443642a16c5402711349b88df"}