{"Signatur": "ZH_SVG_001", "Spider": "ZH_Sozialversicherungsgericht", "Sprache": "de", "Datum": "2005-02-28", "HTML": {"Datei": "ZH_Sozialversicherungsgericht/ZH_SVG_001_UV-2004-00070_2005-02-28.html", "URL": "https://chid003d.ideso.ch/c050018/svg/findexweb.nsf/urteil.xsp?uid=UWEE-9AQMCP", "Checksum": "eef2abdd15be0eac35d6a8784b535ea0"}, "Num": ["UV.2004.00070"], "Kopfzeile": [{"Sprachen": ["de"], "Text": "Z\u00fcrich Sozialverischerungsgericht 28.02.2005 UV.2004.00070"}, {"Sprachen": ["fr"], "Text": "Zurich Sozialverischerungsgericht 28.02.2005 UV.2004.00070"}, {"Sprachen": ["it"], "Text": "Zurigo Sozialverischerungsgericht 28.02.2005 UV.2004.00070"}], "Meta": [{"Sprachen": ["de"], "Text": "Z\u00fcrich Sozialverischerungsgericht "}, {"Sprachen": ["fr"], "Text": "Zurich Sozialverischerungsgericht "}, {"Sprachen": ["it"], "Text": "Zurigo Sozialverischerungsgericht "}], "Abstract": [{"Sprachen": ["de", "fr", "it"], "Text": "Berechnung der UVG-Rente als Komplement\u00e4rrente bei Abl\u00f6sung einer IV-Rente, die ausschliesslich eine nicht UVG-versicherte Invalidit\u00e4t entsch\u00e4digt, durch die AHV-Rente"}], "ScrapyJob": "446973/33/117", "Zeit UTC": "21.02.2021 00:07:46", "Checksum": "fbd96659b981967da1a3f195f49d83ef"}