{"Signatur": "ZH_SVG_001", "Spider": "ZH_Sozialversicherungsgericht", "Sprache": "de", "Datum": "2006-08-24", "HTML": {"Datei": "ZH_Sozialversicherungsgericht/ZH_SVG_001_UV-2005-00178_2006-08-24.html", "URL": "https://chid003d.ideso.ch/c050018/svg/findexweb.nsf/urteil.xsp?uid=UWEE-9AQQD4", "Checksum": "2c37c2e7508ad0e78b272e3fed147dd1"}, "Num": ["UV.2005.00178"], "Kopfzeile": [{"Sprachen": ["de"], "Text": "Z\u00fcrich Sozialverischerungsgericht 24.08.2006 UV.2005.00178"}, {"Sprachen": ["fr"], "Text": "Zurich Sozialverischerungsgericht 24.08.2006 UV.2005.00178"}, {"Sprachen": ["it"], "Text": "Zurigo Sozialverischerungsgericht 24.08.2006 UV.2005.00178"}], "Meta": [{"Sprachen": ["de"], "Text": "Z\u00fcrich Sozialverischerungsgericht "}, {"Sprachen": ["fr"], "Text": "Zurich Sozialverischerungsgericht "}, {"Sprachen": ["it"], "Text": "Zurigo Sozialverischerungsgericht "}], "Abstract": [{"Sprachen": ["de", "fr", "it"], "Text": "Sch\u00e4del-Hirn-Trauma, psychische St\u00f6rung in Vordergrund getreten, Ad\u00e4quanz nicht gegeben."}], "ScrapyJob": "446973/33/117", "Zeit UTC": "21.02.2021 01:10:42", "Checksum": "e9d0a9de1d9957d639175323657ff95f"}