{"Signatur": "ZH_SVG_001", "Spider": "ZH_Sozialversicherungsgericht", "Sprache": "de", "Datum": "2007-09-28", "HTML": {"Datei": "ZH_Sozialversicherungsgericht/ZH_SVG_001_UV-2006-00008_2007-09-28.html", "URL": "https://chid003d.ideso.ch/c050018/svg/findexweb.nsf/urteil.xsp?uid=UWEE-9AQSWX", "Checksum": "fc7f21ee54f5f65c16416b50ed7356db"}, "Num": ["UV.2006.00008"], "Kopfzeile": [{"Sprachen": ["de"], "Text": "Z\u00fcrich Sozialverischerungsgericht 28.09.2007 UV.2006.00008"}, {"Sprachen": ["fr"], "Text": "Zurich Sozialverischerungsgericht 28.09.2007 UV.2006.00008"}, {"Sprachen": ["it"], "Text": "Zurigo Sozialverischerungsgericht 28.09.2007 UV.2006.00008"}], "Meta": [{"Sprachen": ["de"], "Text": "Z\u00fcrich Sozialverischerungsgericht "}, {"Sprachen": ["fr"], "Text": "Zurich Sozialverischerungsgericht "}, {"Sprachen": ["it"], "Text": "Zurigo Sozialverischerungsgericht "}], "Abstract": [{"Sprachen": ["de", "fr", "it"], "Text": "Keine die Arbeitsf\u00e4higkeit beeintr\u00e4chtigenden unfallbedingten organischen Beschwerden; keine Unfallad\u00e4quanz der \u00fcbrigen Beschwerden."}], "ScrapyJob": "446973/33/117", "Zeit UTC": "21.02.2021 01:07:12", "Checksum": "6a13a9f5757b8b13a6713b81d88637bc"}