{"Signatur": "ZH_SVG_001", "Spider": "ZH_Sozialversicherungsgericht", "Sprache": "de", "Datum": "2007-07-15", "HTML": {"Datei": "ZH_Sozialversicherungsgericht/ZH_SVG_001_UV-2006-00217_2007-07-15.html", "URL": "https://chid003d.ideso.ch/c050018/svg/findexweb.nsf/urteil.xsp?uid=UWEE-9AQS5A", "Checksum": "01ccd40ac8910f3f701c282b7ef9ec62"}, "Num": ["UV.2006.00217"], "Kopfzeile": [{"Sprachen": ["de"], "Text": "Z\u00fcrich Sozialverischerungsgericht 15.07.2007 UV.2006.00217"}, {"Sprachen": ["fr"], "Text": "Zurich Sozialverischerungsgericht 15.07.2007 UV.2006.00217"}, {"Sprachen": ["it"], "Text": "Zurigo Sozialverischerungsgericht 15.07.2007 UV.2006.00217"}], "Meta": [{"Sprachen": ["de"], "Text": "Z\u00fcrich Sozialverischerungsgericht "}, {"Sprachen": ["fr"], "Text": "Zurich Sozialverischerungsgericht "}, {"Sprachen": ["it"], "Text": "Zurigo Sozialverischerungsgericht "}], "Abstract": [{"Sprachen": ["de", "fr", "it"], "Text": "R\u00fccken- und Nackenkontusion ohne oss\u00e4re L\u00e4sionen heilen nach sechs Monaten ab, ab welchem Zeitpunkt Leistungseinstellung m\u00f6glich ist"}], "ScrapyJob": "446973/33/117", "Zeit UTC": "21.02.2021 00:09:26", "Checksum": "079a3c95122583dfe21487ce4eff199d"}