{"Signatur": "ZH_SVG_001", "Spider": "ZH_Sozialversicherungsgericht", "Sprache": "de", "Datum": "2008-01-31", "HTML": {"Datei": "ZH_Sozialversicherungsgericht/ZH_SVG_001_UV-2006-00309_2008-01-31.html", "URL": "https://chid003d.ideso.ch/c050018/svg/findexweb.nsf/urteil.xsp?uid=UWEE-9AQT9S", "Checksum": "8a2ee92f338ed3a1430ea8a5222f9e9e"}, "Num": ["UV.2006.00309"], "Kopfzeile": [{"Sprachen": ["de"], "Text": "Z\u00fcrich Sozialverischerungsgericht 31.01.2008 UV.2006.00309"}, {"Sprachen": ["fr"], "Text": "Zurich Sozialverischerungsgericht 31.01.2008 UV.2006.00309"}, {"Sprachen": ["it"], "Text": "Zurigo Sozialverischerungsgericht 31.01.2008 UV.2006.00309"}], "Meta": [{"Sprachen": ["de"], "Text": "Z\u00fcrich Sozialverischerungsgericht "}, {"Sprachen": ["fr"], "Text": "Zurich Sozialverischerungsgericht "}, {"Sprachen": ["it"], "Text": "Zurigo Sozialverischerungsgericht "}], "Abstract": [{"Sprachen": ["de", "fr", "it"], "Text": "Weder somatische noch psychische Beschwerden schr\u00e4nken den Beschwerdef\u00fcher in der Arbeitsf\u00e4higkeit ein."}], "ScrapyJob": "446973/33/117", "Zeit UTC": "21.02.2021 01:07:37", "Checksum": "a7e06e5a38bb1c082fd31dc23685c0b8"}