{"Signatur": "ZH_SVG_001", "Spider": "ZH_Sozialversicherungsgericht", "Sprache": "de", "Datum": "2008-09-11", "HTML": {"Datei": "ZH_Sozialversicherungsgericht/ZH_SVG_001_UV-2007-00095_2008-09-11.html", "URL": "https://chid003d.ideso.ch/c050018/svg/findexweb.nsf/urteil.xsp?uid=UWEE-9AQUJJ", "Checksum": "cf30b88197e50c324cd929cf353b7094"}, "Num": ["UV.2007.00095"], "Kopfzeile": [{"Sprachen": ["de"], "Text": "Z\u00fcrich Sozialverischerungsgericht 11.09.2008 UV.2007.00095"}, {"Sprachen": ["fr"], "Text": "Zurich Sozialverischerungsgericht 11.09.2008 UV.2007.00095"}, {"Sprachen": ["it"], "Text": "Zurigo Sozialverischerungsgericht 11.09.2008 UV.2007.00095"}], "Meta": [{"Sprachen": ["de"], "Text": "Z\u00fcrich Sozialverischerungsgericht "}, {"Sprachen": ["fr"], "Text": "Zurich Sozialverischerungsgericht "}, {"Sprachen": ["it"], "Text": "Zurigo Sozialverischerungsgericht "}], "Abstract": [{"Sprachen": ["de", "fr", "it"], "Text": "Kopfschmerzen sind nicht \u00fcberwiegend wahrscheinlich unfallbedingt;keine Bindungswirkung der Invalidit\u00e4tsbemessung der IV gegen\u00fcber dem UV-Versicherer"}], "ScrapyJob": "446973/33/117", "Zeit UTC": "21.02.2021 01:03:41", "Checksum": "250b8eaa8197124a9bac1c6872a99568"}