{"Signatur": "ZH_SVG_001", "Spider": "ZH_Sozialversicherungsgericht", "Sprache": "de", "Datum": "2008-08-27", "HTML": {"Datei": "ZH_Sozialversicherungsgericht/ZH_SVG_001_UV-2007-00287_2008-08-27.html", "URL": "https://chid003d.ideso.ch/c050018/svg/findexweb.nsf/urteil.xsp?uid=UWEE-9AQUG4", "Checksum": "9762e499510188f0f976d18e4a214492"}, "Num": ["UV.2007.00287"], "Kopfzeile": [{"Sprachen": ["de"], "Text": "Z\u00fcrich Sozialverischerungsgericht 27.08.2008 UV.2007.00287"}, {"Sprachen": ["fr"], "Text": "Zurich Sozialverischerungsgericht 27.08.2008 UV.2007.00287"}, {"Sprachen": ["it"], "Text": "Zurigo Sozialverischerungsgericht 27.08.2008 UV.2007.00287"}], "Meta": [{"Sprachen": ["de"], "Text": "Z\u00fcrich Sozialverischerungsgericht "}, {"Sprachen": ["fr"], "Text": "Zurich Sozialverischerungsgericht "}, {"Sprachen": ["it"], "Text": "Zurigo Sozialverischerungsgericht "}], "Abstract": [{"Sprachen": ["de", "fr", "it"], "Text": "Schl\u00e4ge mit der flachen Hand gegen den Kopf verursachen nicht \u00fcberwiegend wahrscheinlich ein Schleudertrauma. 115er-Praxis, Ad\u00e4quanz verneint."}], "ScrapyJob": "446973/33/117", "Zeit UTC": "21.02.2021 01:03:51", "Checksum": "d62f352bf245fb17a8fb8b0a3312dd72"}