{"Signatur": "ZH_SVG_001", "Spider": "ZH_Sozialversicherungsgericht", "Sprache": "de", "Datum": "2009-07-22", "HTML": {"Datei": "ZH_Sozialversicherungsgericht/ZH_SVG_001_UV-2007-00521_2009-07-22.html", "URL": "https://chid003d.ideso.ch/c050018/svg/findexweb.nsf/urteil.xsp?uid=UWEE-9AR28Y", "Checksum": "894aeda5548de4dabe9b9dd524ab8e4e"}, "Num": ["UV.2007.00521"], "Kopfzeile": [{"Sprachen": ["de"], "Text": "Z\u00fcrich Sozialverischerungsgericht 22.07.2009 UV.2007.00521"}, {"Sprachen": ["fr"], "Text": "Zurich Sozialverischerungsgericht 22.07.2009 UV.2007.00521"}, {"Sprachen": ["it"], "Text": "Zurigo Sozialverischerungsgericht 22.07.2009 UV.2007.00521"}], "Meta": [{"Sprachen": ["de"], "Text": "Z\u00fcrich Sozialverischerungsgericht "}, {"Sprachen": ["fr"], "Text": "Zurich Sozialverischerungsgericht "}, {"Sprachen": ["it"], "Text": "Zurigo Sozialverischerungsgericht "}], "Abstract": [{"Sprachen": ["de", "fr", "it"], "Text": "Mehrere Unf\u00e4lle, psychische Fehlentwicklung steht nicht in ad\u00e4quatem Kausalzusammenhang mit den Unf\u00e4llen "}], "ScrapyJob": "446973/33/117", "Zeit UTC": "21.02.2021 01:04:07", "Checksum": "7294dd74ec751dbbb25c2f1290dd970e"}