{"Signatur": "ZH_SVG_001", "Spider": "ZH_Sozialversicherungsgericht", "Sprache": "de", "Datum": "2009-11-16", "HTML": {"Datei": "ZH_Sozialversicherungsgericht/ZH_SVG_001_UV-2008-00084_2009-11-16.html", "URL": "https://chid003d.ideso.ch/c050018/svg/findexweb.nsf/urteil.xsp?uid=UWEE-9AR2YY", "Checksum": "3928dbc84a08b8f65f1c4bdecc0cc32c"}, "Num": ["UV.2008.00084"], "Kopfzeile": [{"Sprachen": ["de"], "Text": "Z\u00fcrich Sozialverischerungsgericht 16.11.2009 UV.2008.00084"}, {"Sprachen": ["fr"], "Text": "Zurich Sozialverischerungsgericht 16.11.2009 UV.2008.00084"}, {"Sprachen": ["it"], "Text": "Zurigo Sozialverischerungsgericht 16.11.2009 UV.2008.00084"}], "Meta": [{"Sprachen": ["de"], "Text": "Z\u00fcrich Sozialverischerungsgericht "}, {"Sprachen": ["fr"], "Text": "Zurich Sozialverischerungsgericht "}, {"Sprachen": ["it"], "Text": "Zurigo Sozialverischerungsgericht "}], "Abstract": [{"Sprachen": ["de", "fr", "it"], "Text": "Somatische Beschwerden stehen nicht in nat\u00fcrlichem Kausalzusammenhang mit Unfall; Bei \u00fcbrigen Beschwerden Ad\u00e4quanz gem\u00e4ss BGE 115 V 133 gepr\u00fcft und verneint"}], "ScrapyJob": "446973/33/117", "Zeit UTC": "21.02.2021 01:00:51", "Checksum": "2b553ee1de1aaf2d7c107aa68223dcc9"}