{"Signatur": "ZH_SVG_001", "Spider": "ZH_Sozialversicherungsgericht", "Sprache": "de", "Datum": "2010-03-18", "HTML": {"Datei": "ZH_Sozialversicherungsgericht/ZH_SVG_001_UV-2008-00169_2010-03-18.html", "URL": "https://chid003d.ideso.ch/c050018/svg/findexweb.nsf/urteil.xsp?uid=UWEE-9AR3H2", "Checksum": "a9308ecbd6e41d63bb526e2a73db6066"}, "Num": ["UV.2008.00169"], "Kopfzeile": [{"Sprachen": ["de"], "Text": "Z\u00fcrich Sozialverischerungsgericht 18.03.2010 UV.2008.00169"}, {"Sprachen": ["fr"], "Text": "Zurich Sozialverischerungsgericht 18.03.2010 UV.2008.00169"}, {"Sprachen": ["it"], "Text": "Zurigo Sozialverischerungsgericht 18.03.2010 UV.2008.00169"}], "Meta": [{"Sprachen": ["de"], "Text": "Z\u00fcrich Sozialverischerungsgericht "}, {"Sprachen": ["fr"], "Text": "Zurich Sozialverischerungsgericht "}, {"Sprachen": ["it"], "Text": "Zurigo Sozialverischerungsgericht "}], "Abstract": [{"Sprachen": ["de", "fr", "it"], "Text": "R\u00fcckfall / Sp\u00e4tfolgen: nat\u00fcrlicher Kausalzusammenhang von neuropsychologischen Defiziten zum Unfall 5,5 Jahre danach verneint"}], "ScrapyJob": "446973/33/117", "Zeit UTC": "21.02.2021 01:00:59", "Checksum": "a33421b0b6b0b667e84176dfcf2610ae"}