{"Signatur": "ZH_SVG_001", "Spider": "ZH_Sozialversicherungsgericht", "Sprache": "de", "Datum": "2010-05-16", "HTML": {"Datei": "ZH_Sozialversicherungsgericht/ZH_SVG_001_UV-2008-00183_2010-05-16.html", "URL": "https://findex.webgate.cloud/entscheide/UV.2008.00183.html", "Checksum": "08e79e73629e55b6bf4b1a322cbbaa8a"}, "Scrapedate": "2023-01-01", "Num": ["UV.2008.00183"], "Kopfzeile": [{"Sprachen": ["de"], "Text": "Z\u00fcrich Sozialversicherungsgericht 16.05.2010 UV.2008.00183"}, {"Sprachen": ["fr"], "Text": "Zurich Sozialversicherungsgericht 16.05.2010 UV.2008.00183"}, {"Sprachen": ["it"], "Text": "Zurigo Sozialversicherungsgericht 16.05.2010 UV.2008.00183"}], "Meta": [{"Sprachen": ["de"], "Text": "Z\u00fcrich Sozialversicherungsgericht "}, {"Sprachen": ["fr"], "Text": "Zurich Sozialversicherungsgericht "}, {"Sprachen": ["it"], "Text": "Zurigo Sozialversicherungsgericht "}], "Abstract": [{"Sprachen": ["de", "fr", "it"], "Text": "Nat\u00fcrlicher Kausalzusammenhang der Nackenbeschwerden ist nicht \u00fcberwiegend wahrscheinlich. Ad\u00e4quanzpr\u00fcfung obsolet, zumal auch kein buntes Beschwerdebild."}], "ScrapyJob": "446973/33/1864", "Zeit UTC": "06.05.2025 02:32:46", "Checksum": "8c8c7d9e07bc2be0a9679eff9fe4c655"}