{"Signatur": "ZH_SVG_001", "Spider": "ZH_Sozialversicherungsgericht", "Sprache": "de", "Datum": "2010-05-17", "HTML": {"Datei": "ZH_Sozialversicherungsgericht/ZH_SVG_001_UV-2008-00183_2010-05-17.html", "URL": "https://chid003d.ideso.ch/c050018/svg/findexweb.nsf/urteil.xsp?uid=UWEE-9AR44F", "Checksum": "bd9dc215692567fb46f158ce14880a44"}, "Num": ["UV.2008.00183"], "Kopfzeile": [{"Sprachen": ["de"], "Text": "Z\u00fcrich Sozialverischerungsgericht 17.05.2010 UV.2008.00183"}, {"Sprachen": ["fr"], "Text": "Zurich Sozialverischerungsgericht 17.05.2010 UV.2008.00183"}, {"Sprachen": ["it"], "Text": "Zurigo Sozialverischerungsgericht 17.05.2010 UV.2008.00183"}], "Meta": [{"Sprachen": ["de"], "Text": "Z\u00fcrich Sozialverischerungsgericht "}, {"Sprachen": ["fr"], "Text": "Zurich Sozialverischerungsgericht "}, {"Sprachen": ["it"], "Text": "Zurigo Sozialverischerungsgericht "}], "Abstract": [{"Sprachen": ["de", "fr", "it"], "Text": "Nat\u00fcrlicher Kausalzusammenhang der Nackenbeschwerden ist nicht \u00fcberwiegend wahrscheinlich. Ad\u00e4quanzpr\u00fcfung obsolet, zumal auch kein buntes Beschwerdebild."}], "ScrapyJob": "446973/33/117", "Zeit UTC": "21.02.2021 01:00:58", "Checksum": "e3f57d80bd51bcd666e54c8f54edaec7"}