{"Signatur": "ZH_SVG_001", "Spider": "ZH_Sozialversicherungsgericht", "Sprache": "de", "Datum": "2009-10-29", "HTML": {"Datei": "ZH_Sozialversicherungsgericht/ZH_SVG_001_UV-2008-00204_2009-10-29.html", "URL": "https://chid003d.ideso.ch/c050018/svg/findexweb.nsf/urteil.xsp?uid=UWEE-9AR2UY", "Checksum": "50faf47890b6022a0a996527160ac834"}, "Num": ["UV.2008.00204"], "Kopfzeile": [{"Sprachen": ["de"], "Text": "Z\u00fcrich Sozialverischerungsgericht 29.10.2009 UV.2008.00204"}, {"Sprachen": ["fr"], "Text": "Zurich Sozialverischerungsgericht 29.10.2009 UV.2008.00204"}, {"Sprachen": ["it"], "Text": "Zurigo Sozialverischerungsgericht 29.10.2009 UV.2008.00204"}], "Meta": [{"Sprachen": ["de"], "Text": "Z\u00fcrich Sozialverischerungsgericht "}, {"Sprachen": ["fr"], "Text": "Zurich Sozialverischerungsgericht "}, {"Sprachen": ["it"], "Text": "Zurigo Sozialverischerungsgericht "}], "Abstract": [{"Sprachen": ["de", "fr", "it"], "Text": "Rente, IE; Kopf- und Nackenschmerzen nicht unfallkausal, psychische Einschr\u00e4nkung ohne Einfluss auf AF, f\u00fcr Schulterproblematik besteht h\u00f6here Einschr\u00e4nkung der AF"}], "ScrapyJob": "446973/33/117", "Zeit UTC": "21.02.2021 01:01:03", "Checksum": "e929b9b9026efb8748f4ce4387a594d8"}