{"Signatur": "ZH_SVG_001", "Spider": "ZH_Sozialversicherungsgericht", "Sprache": "de", "Datum": "2010-06-02", "HTML": {"Datei": "ZH_Sozialversicherungsgericht/ZH_SVG_001_UV-2008-00323_2010-06-02.html", "URL": "https://chid003d.ideso.ch/c050018/svg/findexweb.nsf/urteil.xsp?uid=UWEE-9AR4GE", "Checksum": "88761efaf74d956339ac2898bc8f84d3"}, "Num": ["UV.2008.00323"], "Kopfzeile": [{"Sprachen": ["de"], "Text": "Z\u00fcrich Sozialverischerungsgericht 02.06.2010 UV.2008.00323"}, {"Sprachen": ["fr"], "Text": "Zurich Sozialverischerungsgericht 02.06.2010 UV.2008.00323"}, {"Sprachen": ["it"], "Text": "Zurigo Sozialverischerungsgericht 02.06.2010 UV.2008.00323"}], "Meta": [{"Sprachen": ["de"], "Text": "Z\u00fcrich Sozialverischerungsgericht "}, {"Sprachen": ["fr"], "Text": "Zurich Sozialverischerungsgericht "}, {"Sprachen": ["it"], "Text": "Zurigo Sozialverischerungsgericht "}], "Abstract": [{"Sprachen": ["de", "fr", "it"], "Text": "Schleudertrauma der Halswirbels\u00e4ule; psychische \u00dcberlagerung; Verneinung der Ad\u00e4quanz."}], "ScrapyJob": "446973/33/117", "Zeit UTC": "21.02.2021 01:01:12", "Checksum": "b0cfee4dd1a5f07d9f9b28f4136be0b9"}