{"Signatur": "ZH_SVG_001", "Spider": "ZH_Sozialversicherungsgericht", "Sprache": "de", "Datum": "2010-11-30", "HTML": {"Datei": "ZH_Sozialversicherungsgericht/ZH_SVG_001_UV-2008-00409_2010-11-30.html", "URL": "https://chid003d.ideso.ch/c050018/svg/findexweb.nsf/urteil.xsp?uid=UWEE-9AR4WH", "Checksum": "bae7300250b39a6905eaa6a47021b92d"}, "Num": ["UV.2008.00409"], "Kopfzeile": [{"Sprachen": ["de"], "Text": "Z\u00fcrich Sozialverischerungsgericht 30.11.2010 UV.2008.00409"}, {"Sprachen": ["fr"], "Text": "Zurich Sozialverischerungsgericht 30.11.2010 UV.2008.00409"}, {"Sprachen": ["it"], "Text": "Zurigo Sozialverischerungsgericht 30.11.2010 UV.2008.00409"}], "Meta": [{"Sprachen": ["de"], "Text": "Z\u00fcrich Sozialverischerungsgericht "}, {"Sprachen": ["fr"], "Text": "Zurich Sozialverischerungsgericht "}, {"Sprachen": ["it"], "Text": "Zurigo Sozialverischerungsgericht "}], "Abstract": [{"Sprachen": ["de", "fr", "it"], "Text": "Kein nat\u00fcrlicher Kausalzusammenhang nachgewiesen zwischen Skiunfall und erst etwa drei Wochen sp\u00e4ter aufgetretenen Kopfschmerzen und neuropsychologischen St\u00f6rungen"}], "ScrapyJob": "446973/33/117", "Zeit UTC": "21.02.2021 01:01:17", "Checksum": "33b31ef9e19f2dbc78fd8b3c592f9408"}