{"Signatur": "ZH_SVG_001", "Spider": "ZH_Sozialversicherungsgericht", "Sprache": "de", "Datum": "2010-09-16", "HTML": {"Datei": "ZH_Sozialversicherungsgericht/ZH_SVG_001_UV-2009-00073_2010-09-16.html", "URL": "https://chid003d.ideso.ch/c050018/svg/findexweb.nsf/urteil.xsp?uid=UWEE-9AR4ZQ", "Checksum": "da1b67c905ebd65f3649bc29705c1440"}, "Num": ["UV.2009.00073"], "Kopfzeile": [{"Sprachen": ["de"], "Text": "Z\u00fcrich Sozialverischerungsgericht 16.09.2010 UV.2009.00073"}, {"Sprachen": ["fr"], "Text": "Zurich Sozialverischerungsgericht 16.09.2010 UV.2009.00073"}, {"Sprachen": ["it"], "Text": "Zurigo Sozialverischerungsgericht 16.09.2010 UV.2009.00073"}], "Meta": [{"Sprachen": ["de"], "Text": "Z\u00fcrich Sozialverischerungsgericht "}, {"Sprachen": ["fr"], "Text": "Zurich Sozialverischerungsgericht "}, {"Sprachen": ["it"], "Text": "Zurigo Sozialverischerungsgericht "}], "Abstract": [{"Sprachen": ["de", "fr", "it"], "Text": "Nat\u00fcrliche Kausalit\u00e4t zwischen Unfallereignis (Schleuder-Selbstunfall) und f\u00fcnf Jahre danach noch vorhandenem unspezifischem Beschwerdebild verneint"}], "ScrapyJob": "446973/33/117", "Zeit UTC": "21.02.2021 00:58:15", "Checksum": "55c2cfa53244e1f8d9a75f118346049f"}