{"Signatur": "ZH_SVG_001", "Spider": "ZH_Sozialversicherungsgericht", "Sprache": "de", "Datum": "2010-09-22", "HTML": {"Datei": "ZH_Sozialversicherungsgericht/ZH_SVG_001_UV-2009-00112_2010-09-22.html", "URL": "https://chid003d.ideso.ch/c050018/svg/findexweb.nsf/urteil.xsp?uid=UWEE-9AR4MK", "Checksum": "a691482cf762ce5e347267d1cc0e5b1d"}, "Num": ["UV.2009.00112"], "Kopfzeile": [{"Sprachen": ["de"], "Text": "Z\u00fcrich Sozialverischerungsgericht 22.09.2010 UV.2009.00112"}, {"Sprachen": ["fr"], "Text": "Zurich Sozialverischerungsgericht 22.09.2010 UV.2009.00112"}, {"Sprachen": ["it"], "Text": "Zurigo Sozialverischerungsgericht 22.09.2010 UV.2009.00112"}], "Meta": [{"Sprachen": ["de"], "Text": "Z\u00fcrich Sozialverischerungsgericht "}, {"Sprachen": ["fr"], "Text": "Zurich Sozialverischerungsgericht "}, {"Sprachen": ["it"], "Text": "Zurigo Sozialverischerungsgericht "}], "Abstract": [{"Sprachen": ["de", "fr", "it"], "Text": "t\u00e4tliche Auseinandersetzung als Unfall, Sch\u00e4del-Hirn-Trauma, psychische Problematik im Vordergrund, Ad\u00e4quanz verneint"}], "ScrapyJob": "446973/33/117", "Zeit UTC": "21.02.2021 00:58:17", "Checksum": "8ef9faed1a1533d633b84875581b6514"}