{"Signatur": "ZH_SVG_001", "Spider": "ZH_Sozialversicherungsgericht", "Sprache": "de", "Datum": "2012-09-26", "HTML": {"Datei": "ZH_Sozialversicherungsgericht/ZH_SVG_001_UV-2010-00296_2012-09-26.html", "URL": "https://chid003d.ideso.ch/c050018/svg/findexweb.nsf/urteil.xsp?uid=UWEE-9AR8WX", "Checksum": "3c3f3f0390abb3a1df2ef51e75484dc2"}, "Num": ["UV.2010.00296"], "Kopfzeile": [{"Sprachen": ["de"], "Text": "Z\u00fcrich Sozialverischerungsgericht 26.09.2012 UV.2010.00296"}, {"Sprachen": ["fr"], "Text": "Zurich Sozialverischerungsgericht 26.09.2012 UV.2010.00296"}, {"Sprachen": ["it"], "Text": "Zurigo Sozialverischerungsgericht 26.09.2012 UV.2010.00296"}], "Meta": [{"Sprachen": ["de"], "Text": "Z\u00fcrich Sozialverischerungsgericht "}, {"Sprachen": ["fr"], "Text": "Zurich Sozialverischerungsgericht "}, {"Sprachen": ["it"], "Text": "Zurigo Sozialverischerungsgericht "}], "Abstract": [{"Sprachen": ["de", "fr", "it"], "Text": "Berufskrankheit, UVG 9 II, Handekzem mit div. Sensibilisierungen, 2 NEV; Einschr\u00e4nkung der Erwerbsf\u00e4higkeit gem\u00e4ss ATSG 7"}], "ScrapyJob": "446973/33/117", "Zeit UTC": "21.02.2021 00:54:51", "Checksum": "2c02f833a038ce32d0ebc9b81d233f26"}