{"Signatur": "ZH_SVG_001", "Spider": "ZH_Sozialversicherungsgericht", "Sprache": "de", "Datum": "2012-07-30", "HTML": {"Datei": "ZH_Sozialversicherungsgericht/ZH_SVG_001_UV-2011-00037_2012-07-30.html", "URL": "https://chid003d.ideso.ch/c050018/svg/findexweb.nsf/urteil.xsp?uid=UWEE-9AR8GC", "Checksum": "25d983ee84959695623ceb51b3a43f1c"}, "Num": ["UV.2011.00037"], "Kopfzeile": [{"Sprachen": ["de"], "Text": "Z\u00fcrich Sozialverischerungsgericht 30.07.2012 UV.2011.00037"}, {"Sprachen": ["fr"], "Text": "Zurich Sozialverischerungsgericht 30.07.2012 UV.2011.00037"}, {"Sprachen": ["it"], "Text": "Zurigo Sozialverischerungsgericht 30.07.2012 UV.2011.00037"}], "Meta": [{"Sprachen": ["de"], "Text": "Z\u00fcrich Sozialverischerungsgericht "}, {"Sprachen": ["fr"], "Text": "Zurich Sozialverischerungsgericht "}, {"Sprachen": ["it"], "Text": "Zurigo Sozialverischerungsgericht "}], "Abstract": [{"Sprachen": ["de", "fr", "it"], "Text": "Ad\u00e4quanz organisch nicht nachweisbarer Beschwerden nach Sch\u00e4delhirntrauma bei im Vordergrund stehender psych. St\u00f6rung verneint."}], "ScrapyJob": "446973/33/117", "Zeit UTC": "21.02.2021 00:52:35", "Checksum": "5ffd00929b938f9e85590f273d2557d6"}