{"Signatur": "ZH_SVG_001", "Spider": "ZH_Sozialversicherungsgericht", "Sprache": "de", "Datum": "2009-09-28", "HTML": {"Datei": "ZH_Sozialversicherungsgericht/ZH_SVG_001_UV-2011-00053_2009-09-28.html", "URL": "https://chid003d.ideso.ch/c050018/svg/findexweb.nsf/urteil.xsp?uid=UWEE-9AR9AJ", "Checksum": "67fddf16086fd2c95d24bc98defca19a"}, "Num": ["UV.2011.00053"], "Kopfzeile": [{"Sprachen": ["de"], "Text": "Z\u00fcrich Sozialverischerungsgericht 28.09.2009 UV.2011.00053"}, {"Sprachen": ["fr"], "Text": "Zurich Sozialverischerungsgericht 28.09.2009 UV.2011.00053"}, {"Sprachen": ["it"], "Text": "Zurigo Sozialverischerungsgericht 28.09.2009 UV.2011.00053"}], "Meta": [{"Sprachen": ["de"], "Text": "Z\u00fcrich Sozialverischerungsgericht "}, {"Sprachen": ["fr"], "Text": "Zurich Sozialverischerungsgericht "}, {"Sprachen": ["it"], "Text": "Zurigo Sozialverischerungsgericht "}], "Abstract": [{"Sprachen": ["de", "fr", "it"], "Text": "Taggeldeinstellung nach Stellenverlust und Anpassungszeit kann mangels nachgewiesener vollst\u00e4ndiger Arbeitsf\u00e4higkeit in angepasster T\u00e4tigkeit nicht gesch\u00fctzt werden."}], "ScrapyJob": "446973/33/117", "Zeit UTC": "21.02.2021 00:52:35", "Checksum": "387e2fe9c956c4ed1caaa2c4f3c91606"}