{"Signatur": "ZH_SVG_001", "Spider": "ZH_Sozialversicherungsgericht", "Sprache": "de", "Datum": "2012-07-13", "HTML": {"Datei": "ZH_Sozialversicherungsgericht/ZH_SVG_001_UV-2011-00070_2012-07-13.html", "URL": "https://chid003d.ideso.ch/c050018/svg/findexweb.nsf/urteil.xsp?uid=UWEE-9AR8KC", "Checksum": "c5b723330a3cf9f997d1042816172b57"}, "Num": ["UV.2011.00070"], "Kopfzeile": [{"Sprachen": ["de"], "Text": "Z\u00fcrich Sozialverischerungsgericht 13.07.2012 UV.2011.00070"}, {"Sprachen": ["fr"], "Text": "Zurich Sozialverischerungsgericht 13.07.2012 UV.2011.00070"}, {"Sprachen": ["it"], "Text": "Zurigo Sozialverischerungsgericht 13.07.2012 UV.2011.00070"}], "Meta": [{"Sprachen": ["de"], "Text": "Z\u00fcrich Sozialverischerungsgericht "}, {"Sprachen": ["fr"], "Text": "Zurich Sozialverischerungsgericht "}, {"Sprachen": ["it"], "Text": "Zurigo Sozialverischerungsgericht "}], "Abstract": [{"Sprachen": ["de", "fr", "it"], "Text": "Meniskusriss, unfall\u00e4hliche K\u00f6rpersch\u00e4digung verneint, Aussage der ersten Stunde"}], "ScrapyJob": "446973/33/117", "Zeit UTC": "21.02.2021 00:52:36", "Checksum": "521e435a1aaccb644a13aa6a54151d06"}