{"Signatur": "ZH_SVG_001", "Spider": "ZH_Sozialversicherungsgericht", "Sprache": "de", "Datum": "2012-06-12", "HTML": {"Datei": "ZH_Sozialversicherungsgericht/ZH_SVG_001_UV-2011-00139_2012-06-12.html", "URL": "https://chid003d.ideso.ch/c050018/svg/findexweb.nsf/urteil.xsp?uid=UWEE-9AR873", "Checksum": "b44231a39874ea660cdbc2f1b628c8ac"}, "Num": ["UV.2011.00139"], "Kopfzeile": [{"Sprachen": ["de"], "Text": "Z\u00fcrich Sozialverischerungsgericht 12.06.2012 UV.2011.00139"}, {"Sprachen": ["fr"], "Text": "Zurich Sozialverischerungsgericht 12.06.2012 UV.2011.00139"}, {"Sprachen": ["it"], "Text": "Zurigo Sozialverischerungsgericht 12.06.2012 UV.2011.00139"}], "Meta": [{"Sprachen": ["de"], "Text": "Z\u00fcrich Sozialverischerungsgericht "}, {"Sprachen": ["fr"], "Text": "Zurich Sozialverischerungsgericht "}, {"Sprachen": ["it"], "Text": "Zurigo Sozialverischerungsgericht "}], "Abstract": [{"Sprachen": ["de", "fr", "it"], "Text": "R\u00fcckfallweise gemeldete Schulterbeschwerden sind nicht durch Unfall (mit-)verursacht, sondern auf degenerative Ver\u00e4nderungen zur\u00fcckzuf\u00fchren."}], "ScrapyJob": "446973/33/117", "Zeit UTC": "21.02.2021 00:52:42", "Checksum": "e9eed622b8ca47d60c834fb3358bbee3"}