{"Signatur": "ZH_SVG_001", "Spider": "ZH_Sozialversicherungsgericht", "Sprache": "de", "Datum": "2013-03-18", "HTML": {"Datei": "ZH_Sozialversicherungsgericht/ZH_SVG_001_UV-2011-00266_2013-03-18.html", "URL": "https://chid003d.ideso.ch/c050018/svg/findexweb.nsf/urteil.xsp?uid=UWEE-9AR9SD", "Checksum": "10a3093ef63f78ada4cc917f23b66f8e"}, "Num": ["UV.2011.00266"], "Kopfzeile": [{"Sprachen": ["de"], "Text": "Z\u00fcrich Sozialverischerungsgericht 18.03.2013 UV.2011.00266"}, {"Sprachen": ["fr"], "Text": "Zurich Sozialverischerungsgericht 18.03.2013 UV.2011.00266"}, {"Sprachen": ["it"], "Text": "Zurigo Sozialverischerungsgericht 18.03.2013 UV.2011.00266"}], "Meta": [{"Sprachen": ["de"], "Text": "Z\u00fcrich Sozialverischerungsgericht "}, {"Sprachen": ["fr"], "Text": "Zurich Sozialverischerungsgericht "}, {"Sprachen": ["it"], "Text": "Zurigo Sozialverischerungsgericht "}], "Abstract": [{"Sprachen": ["de", "fr", "it"], "Text": "Volle Arbeitsf\u00e4higkeit in behinderungsangepasster T\u00e4tigkeit; Ad\u00e4quanz zwischen psychischer St\u00f6rung und Unfall verneint"}], "ScrapyJob": "446973/33/117", "Zeit UTC": "21.02.2021 00:52:51", "Checksum": "ab13dbc41f15917b2f8f2c2ea7ffa1ed"}