{"Signatur": "ZH_SVG_001", "Spider": "ZH_Sozialversicherungsgericht", "Sprache": "de", "Datum": "2013-05-28", "HTML": {"Datei": "ZH_Sozialversicherungsgericht/ZH_SVG_001_UV-2011-00307_2013-05-28.html", "URL": "https://chid003d.ideso.ch/c050018/svg/findexweb.nsf/urteil.xsp?uid=MBAN-9B2BUB", "Checksum": "d6576ec32bc4818af093a3bf7ece5fd8"}, "Num": ["UV.2011.00307"], "Kopfzeile": [{"Sprachen": ["de"], "Text": "Z\u00fcrich Sozialverischerungsgericht 28.05.2013 UV.2011.00307"}, {"Sprachen": ["fr"], "Text": "Zurich Sozialverischerungsgericht 28.05.2013 UV.2011.00307"}, {"Sprachen": ["it"], "Text": "Zurigo Sozialverischerungsgericht 28.05.2013 UV.2011.00307"}], "Meta": [{"Sprachen": ["de"], "Text": "Z\u00fcrich Sozialverischerungsgericht "}, {"Sprachen": ["fr"], "Text": "Zurich Sozialverischerungsgericht "}, {"Sprachen": ["it"], "Text": "Zurigo Sozialverischerungsgericht "}], "Abstract": [{"Sprachen": ["de", "fr", "it"], "Text": "Ad\u00e4quanzpr\u00fcfung nach Massgabe der Rechtsprechung zur Ad\u00e4quanz bei psychischen Unfallfolgen. Ad\u00e4quanz der organisch nicht klar ausgewiesenen Unfallfolgen verneint. Zeitpunkt des Fallabschlusses in Bezug auf die k\u00f6rperlichen Unfallfolgen nicht zu beanstanden."}], "ScrapyJob": "446973/33/117", "Zeit UTC": "21.02.2021 00:15:34", "Checksum": "0351fc3a2ad9de6227010c47eefdee43"}