{"Signatur": "ZH_SVG_001", "Spider": "ZH_Sozialversicherungsgericht", "Sprache": "de", "Datum": "2013-03-11", "HTML": {"Datei": "ZH_Sozialversicherungsgericht/ZH_SVG_001_UV-2012-00025_2013-03-11.html", "URL": "https://chid003d.ideso.ch/c050018/svg/findexweb.nsf/urteil.xsp?uid=UWEE-9AR9SF", "Checksum": "652b207f1a6ca3e0a4b205a314f0905e"}, "Num": ["UV.2012.00025"], "Kopfzeile": [{"Sprachen": ["de"], "Text": "Z\u00fcrich Sozialverischerungsgericht 11.03.2013 UV.2012.00025"}, {"Sprachen": ["fr"], "Text": "Zurich Sozialverischerungsgericht 11.03.2013 UV.2012.00025"}, {"Sprachen": ["it"], "Text": "Zurigo Sozialverischerungsgericht 11.03.2013 UV.2012.00025"}], "Meta": [{"Sprachen": ["de"], "Text": "Z\u00fcrich Sozialverischerungsgericht "}, {"Sprachen": ["fr"], "Text": "Zurich Sozialverischerungsgericht "}, {"Sprachen": ["it"], "Text": "Zurigo Sozialverischerungsgericht "}], "Abstract": [{"Sprachen": ["de", "fr", "it"], "Text": "Vollst\u00e4ndige Arbeitsf\u00e4higkeit in behinderungsangepasster T\u00e4tigkeit; psychische Beschwerden nicht ad\u00e4quat kausal"}], "ScrapyJob": "446973/33/117", "Zeit UTC": "21.02.2021 00:49:21", "Checksum": "414b2c9e263e27b470ba12a5c4d389df"}