{"Signatur": "ZH_SVG_001", "Spider": "ZH_Sozialversicherungsgericht", "Sprache": "de", "Datum": "2015-03-27", "HTML": {"Datei": "ZH_Sozialversicherungsgericht/ZH_SVG_001_UV-2013-00286_2015-03-27.html", "URL": "https://findex.webgate.cloud/entscheide/UV.2013.00286.html", "Checksum": "6ff94203628d25e08fad05ec9cfa8a4b"}, "Scrapedate": "2023-01-01", "Num": ["UV.2013.00286"], "Kopfzeile": [{"Sprachen": ["de"], "Text": "Z\u00fcrich Sozialversicherungsgericht 27.03.2015 UV.2013.00286"}, {"Sprachen": ["fr"], "Text": "Zurich Sozialversicherungsgericht 27.03.2015 UV.2013.00286"}, {"Sprachen": ["it"], "Text": "Zurigo Sozialversicherungsgericht 27.03.2015 UV.2013.00286"}], "Meta": [{"Sprachen": ["de"], "Text": "Z\u00fcrich Sozialversicherungsgericht "}, {"Sprachen": ["fr"], "Text": "Zurich Sozialversicherungsgericht "}, {"Sprachen": ["it"], "Text": "Zurigo Sozialversicherungsgericht "}], "Abstract": [{"Sprachen": ["de", "fr", "it"], "Text": "Leistungspflicht des Versicherers f\u00fcr Kn\u00f6chelbeschwerden mit Sehnensch\u00e4den und erstem Arztbesuch erst zwei Monate und relevanter Diagnose erst sechs Monate nach Ereignis bei gleichzeitig degenerativen Sch\u00e4den und Vorzustand verneint. "}], "ScrapyJob": "446973/33/1864", "Zeit UTC": "06.05.2025 03:38:03", "Checksum": "04e3c3846d31aa199c3c13d0fb4f927f"}