{"Signatur": "ZH_SVG_001", "Spider": "ZH_Sozialversicherungsgericht", "Sprache": "de", "Datum": "2015-02-26", "HTML": {"Datei": "ZH_Sozialversicherungsgericht/ZH_SVG_001_UV-2014-00184_2015-02-26.html", "URL": "https://findex.webgate.cloud/entscheide/UV.2014.00184.html", "Checksum": "c265bda5721eb1d73343556608394e72"}, "Scrapedate": "2023-01-01", "Num": ["UV.2014.00184"], "Kopfzeile": [{"Sprachen": ["de"], "Text": "Z\u00fcrich Sozialversicherungsgericht 26.02.2015 UV.2014.00184"}, {"Sprachen": ["fr"], "Text": "Zurich Sozialversicherungsgericht 26.02.2015 UV.2014.00184"}, {"Sprachen": ["it"], "Text": "Zurigo Sozialversicherungsgericht 26.02.2015 UV.2014.00184"}], "Meta": [{"Sprachen": ["de"], "Text": "Z\u00fcrich Sozialversicherungsgericht "}, {"Sprachen": ["fr"], "Text": "Zurich Sozialversicherungsgericht "}, {"Sprachen": ["it"], "Text": "Zurigo Sozialversicherungsgericht "}], "Abstract": [{"Sprachen": ["de", "fr", "it"], "Text": "Keine Leistungspflicht f\u00fcr geklagte psychische Beschwerden mangels Ad\u00e4quanz; Ber\u00fccksichtigung des Nebeneinkommens sowohl beim Validen- als auch beim Invalideneinkommen.  (BGE 8C_270/2015)"}], "ScrapyJob": "446973/33/1864", "Zeit UTC": "06.05.2025 03:06:45", "Checksum": "f486aad7e20d936420a78c820394a697"}