{"Signatur": "ZH_SVG_001", "Spider": "ZH_Sozialversicherungsgericht", "Sprache": "de", "Datum": "2016-05-17", "HTML": {"Datei": "ZH_Sozialversicherungsgericht/ZH_SVG_001_UV-2014-00241_2016-05-17.html", "URL": "https://findex.webgate.cloud/entscheide/UV.2014.00241.html", "Checksum": "955e71d9719f1f4a1a27f9c52282da21"}, "Scrapedate": "2023-01-01", "Num": ["UV.2014.00241"], "Kopfzeile": [{"Sprachen": ["de"], "Text": "Z\u00fcrich Sozialversicherungsgericht 17.05.2016 UV.2014.00241"}, {"Sprachen": ["fr"], "Text": "Zurich Sozialversicherungsgericht 17.05.2016 UV.2014.00241"}, {"Sprachen": ["it"], "Text": "Zurigo Sozialversicherungsgericht 17.05.2016 UV.2014.00241"}], "Meta": [{"Sprachen": ["de"], "Text": "Z\u00fcrich Sozialversicherungsgericht "}, {"Sprachen": ["fr"], "Text": "Zurich Sozialversicherungsgericht "}, {"Sprachen": ["it"], "Text": "Zurigo Sozialversicherungsgericht "}], "Abstract": [{"Sprachen": ["de", "fr", "it"], "Text": "Meniskusschaden und Zweitereignis mit Wirbels\u00e4ulenverletzung. Geltend gemachte Funktionseinschr\u00e4nkungen medizinisch nicht begr\u00fcndet. Hinweis auf Aggravation und Symptomausweitung. "}], "ScrapyJob": "446973/33/1864", "Zeit UTC": "06.05.2025 02:21:40", "Checksum": "af4d51d0c7d1e73bc6379db95b7b961d"}