{"Signatur": "ZH_SVG_001", "Spider": "ZH_Sozialversicherungsgericht", "Sprache": "de", "Datum": "2016-09-27", "HTML": {"Datei": "ZH_Sozialversicherungsgericht/ZH_SVG_001_UV-2015-00142_2016-09-27.html", "URL": "https://findex.webgate.cloud/entscheide/UV.2015.00142.html", "Checksum": "7c9408f2d1a51cb5c3e62e01b260755b"}, "Scrapedate": "2023-01-01", "Num": ["UV.2015.00142"], "Kopfzeile": [{"Sprachen": ["de"], "Text": "Z\u00fcrich Sozialversicherungsgericht 27.09.2016 UV.2015.00142"}, {"Sprachen": ["fr"], "Text": "Zurich Sozialversicherungsgericht 27.09.2016 UV.2015.00142"}, {"Sprachen": ["it"], "Text": "Zurigo Sozialversicherungsgericht 27.09.2016 UV.2015.00142"}], "Meta": [{"Sprachen": ["de"], "Text": "Z\u00fcrich Sozialversicherungsgericht "}, {"Sprachen": ["fr"], "Text": "Zurich Sozialversicherungsgericht "}, {"Sprachen": ["it"], "Text": "Zurigo Sozialversicherungsgericht "}], "Abstract": [{"Sprachen": ["de", "fr", "it"], "Text": "Fehltritt und damit unkoordinierte Bewegung, weshalb der \u00e4ussere Faktor als ungew\u00f6hnlich zu qualifizieren und ein Unfallereignis zu bejahen ist. Gutheissung und R\u00fcckweisung zur Bemessung des Leistungsanspruchs in quantitativer Hinsicht."}], "ScrapyJob": "446973/33/1864", "Zeit UTC": "06.05.2025 02:37:02", "Checksum": "de471d9d4a38d31e823163dd862b8de7"}