{"Signatur": "ZH_SVG_001", "Spider": "ZH_Sozialversicherungsgericht", "Sprache": "de", "Datum": "2018-02-27", "HTML": {"Datei": "ZH_Sozialversicherungsgericht/ZH_SVG_001_UV-2016-00227_2018-02-27.html", "URL": "https://findex.webgate.cloud/entscheide/UV.2016.00227.html", "Checksum": "5b45237974342cdefe843bfba655c7b8"}, "Scrapedate": "2023-01-01", "Num": ["UV.2016.00227"], "Kopfzeile": [{"Sprachen": ["de"], "Text": "Z\u00fcrich Sozialversicherungsgericht 27.02.2018 UV.2016.00227"}, {"Sprachen": ["fr"], "Text": "Zurich Sozialversicherungsgericht 27.02.2018 UV.2016.00227"}, {"Sprachen": ["it"], "Text": "Zurigo Sozialversicherungsgericht 27.02.2018 UV.2016.00227"}], "Meta": [{"Sprachen": ["de"], "Text": "Z\u00fcrich Sozialversicherungsgericht "}, {"Sprachen": ["fr"], "Text": "Zurich Sozialversicherungsgericht "}, {"Sprachen": ["it"], "Text": "Zurigo Sozialversicherungsgericht "}], "Abstract": [{"Sprachen": ["de", "fr", "it"], "Text": "Nat\u00fcrliche Kausalit\u00e4t zwischen Verrenkung des Knies und Meniskusl\u00e4sion bei vorbestehendem Knietrauma mit operativer Sanierung zwanzig Jahre zuvor verneint. Aufgrund von Verlauf sowie klinischen und bildgebenden Befunden ist ein Zusammenhang zwischen Ereignis und Meniskusl\u00e4sion nicht \u00fcberwiegend wahrscheinlich"}], "ScrapyJob": "446973/33/1864", "Zeit UTC": "06.05.2025 02:14:08", "Checksum": "7342910357dac6ad6269dccdbcc32ba7"}