{"Signatur": "ZH_SVG_001", "Spider": "ZH_Sozialversicherungsgericht", "Sprache": "de", "Datum": "2019-02-26", "HTML": {"Datei": "ZH_Sozialversicherungsgericht/ZH_SVG_001_UV-2017-00294_2019-02-26.html", "URL": "https://findex.webgate.cloud/entscheide/UV.2017.00294.html", "Checksum": "5dea11303161227262ac2b2c9ec596a5"}, "Scrapedate": "2023-01-01", "Num": ["UV.2017.00294"], "Kopfzeile": [{"Sprachen": ["de"], "Text": "Z\u00fcrich Sozialversicherungsgericht 26.02.2019 UV.2017.00294"}, {"Sprachen": ["fr"], "Text": "Zurich Sozialversicherungsgericht 26.02.2019 UV.2017.00294"}, {"Sprachen": ["it"], "Text": "Zurigo Sozialversicherungsgericht 26.02.2019 UV.2017.00294"}], "Meta": [{"Sprachen": ["de"], "Text": "Z\u00fcrich Sozialversicherungsgericht "}, {"Sprachen": ["fr"], "Text": "Zurich Sozialversicherungsgericht "}, {"Sprachen": ["it"], "Text": "Zurigo Sozialversicherungsgericht "}], "Abstract": [{"Sprachen": ["de", "fr", "it"], "Text": "Der Beschwerdef\u00fchrer ist als Dachdecker beim Verteilen von Ziegeln auf der Lattung hingefallen. Invalidenrente bei einem Invalidit\u00e4tsgrad von 16\u00a0% f\u00fcr die unfallbedingten Einschr\u00e4nkungen. Mangels ad\u00e4quaten Kausalzusammenhangs besteht keine Leistungspflicht f\u00fcr die geltend gemachten psychischen Beschwerden (Angstst\u00f6rung). "}], "ScrapyJob": "446973/33/1864", "Zeit UTC": "06.05.2025 02:21:30", "Checksum": "b03db10c15b703f83afdcdbb7fa0fdc1"}