{"Signatur": "ZH_SVG_001", "Spider": "ZH_Sozialversicherungsgericht", "Sprache": "de", "Datum": "2019-03-06", "HTML": {"Datei": "ZH_Sozialversicherungsgericht/ZH_SVG_001_UV-2018-00030_2019-03-06.html", "URL": "https://findex.webgate.cloud/entscheide/UV.2018.00030.html", "Checksum": "02cd2e22a9a28a528ba2a40ca212a92f"}, "Scrapedate": "2023-01-01", "Num": ["UV.2018.00030"], "Kopfzeile": [{"Sprachen": ["de"], "Text": "Z\u00fcrich Sozialversicherungsgericht 06.03.2019 UV.2018.00030"}, {"Sprachen": ["fr"], "Text": "Zurich Sozialversicherungsgericht 06.03.2019 UV.2018.00030"}, {"Sprachen": ["it"], "Text": "Zurigo Sozialversicherungsgericht 06.03.2019 UV.2018.00030"}], "Meta": [{"Sprachen": ["de"], "Text": "Z\u00fcrich Sozialversicherungsgericht "}, {"Sprachen": ["fr"], "Text": "Zurich Sozialversicherungsgericht "}, {"Sprachen": ["it"], "Text": "Zurigo Sozialversicherungsgericht "}], "Abstract": [{"Sprachen": ["de", "fr", "it"], "Text": "Kausalit\u00e4t zwischen Anprallereignis und Meniskusl\u00e4sion bei vorbestehenden degenerativen Ver\u00e4nderungen, aufgrund von Verlauf sowie klinischen und bildgebenden Befunden nicht \u00fcberwiegend wahrscheinlich."}], "ScrapyJob": "446973/33/1864", "Zeit UTC": "06.05.2025 02:14:18", "Checksum": "d2bf5cf205ac1492416a215ea291ddf5"}