{"Signatur": "ZH_SVG_001", "Spider": "ZH_Sozialversicherungsgericht", "Sprache": "de", "Datum": "2019-10-23", "HTML": {"Datei": "ZH_Sozialversicherungsgericht/ZH_SVG_001_UV-2018-00183_2019-10-23.html", "URL": "https://findex.webgate.cloud/entscheide/UV.2018.00183.html", "Checksum": "339f548c10f968f32f978e82ed962397"}, "Scrapedate": "2023-01-01", "Num": ["UV.2018.00183"], "Kopfzeile": [{"Sprachen": ["de"], "Text": "Z\u00fcrich Sozialversicherungsgericht 23.10.2019 UV.2018.00183"}, {"Sprachen": ["fr"], "Text": "Zurich Sozialversicherungsgericht 23.10.2019 UV.2018.00183"}, {"Sprachen": ["it"], "Text": "Zurigo Sozialversicherungsgericht 23.10.2019 UV.2018.00183"}], "Meta": [{"Sprachen": ["de"], "Text": "Z\u00fcrich Sozialversicherungsgericht "}, {"Sprachen": ["fr"], "Text": "Zurich Sozialversicherungsgericht "}, {"Sprachen": ["it"], "Text": "Zurigo Sozialversicherungsgericht "}], "Abstract": [{"Sprachen": ["de", "fr", "it"], "Text": "Patellafraktur nach welcher der Beschwerdef\u00fchrer \u00fcber eine Unbeweglichkeit des Knies und st\u00e4rkste Schmerzen klagte. Nach den schl\u00fcssigen und \u00fcberzeugenden Beurteilungen der versicherungsinternen \u00c4rzte k\u00f6nnen diese Beschwerden auf kein unfallkausales organisches Korrelat zur\u00fcckgef\u00fchrt werden. Mangels Ad\u00e4quanz besteht keine Leistungspflicht f\u00fcr die psychischen Beschwerden. Die Einstellung der Versicherungsleistungen ist daher rechtens. (BGE 8C_803/2019)"}], "ScrapyJob": "446973/33/1864", "Zeit UTC": "06.05.2025 03:29:50", "Checksum": "f9733f297e76b7113a1f5a9afac435e6"}