{"Signatur": "ZH_SVG_001", "Spider": "ZH_Sozialversicherungsgericht", "Sprache": "de", "Datum": "2020-09-18", "HTML": {"Datei": "ZH_Sozialversicherungsgericht/ZH_SVG_001_UV-2019-00086_2020-09-18.html", "URL": "https://findex.webgate.cloud/entscheide/UV.2019.00086.html", "Checksum": "a82c663fe8b09f38381b141ac06516d8"}, "Scrapedate": "2023-01-01", "Num": ["UV.2019.00086"], "Kopfzeile": [{"Sprachen": ["de"], "Text": "Z\u00fcrich Sozialversicherungsgericht 18.09.2020 UV.2019.00086"}, {"Sprachen": ["fr"], "Text": "Zurich Sozialversicherungsgericht 18.09.2020 UV.2019.00086"}, {"Sprachen": ["it"], "Text": "Zurigo Sozialversicherungsgericht 18.09.2020 UV.2019.00086"}], "Meta": [{"Sprachen": ["de"], "Text": "Z\u00fcrich Sozialversicherungsgericht "}, {"Sprachen": ["fr"], "Text": "Zurich Sozialversicherungsgericht "}, {"Sprachen": ["it"], "Text": "Zurigo Sozialversicherungsgericht "}], "Abstract": [{"Sprachen": ["de", "fr", "it"], "Text": "Nach Unfall im Jahr 1979 aufgetretene Sp\u00e4tfolgen/R\u00fcckfall (anerkannt); auf das kreis\u00e4rztliche Belastungsprofil kann abgestellt werden. Invalidit\u00e4tsbemessung bei \u00fcber 65j\u00e4hrigem noch immer selbst\u00e4ndigem Beschwerdef\u00fchrer nach Massgabe von Art.\u00a028 Abs.\u00a04 UVV, Validen- und Invalideneinkommen auf gleicher Basis nach LSE 2016, T17 (nach Altersgruppe) bemessen; kein Abzug beim Invalideneinkommen."}], "ScrapyJob": "446973/33/1864", "Zeit UTC": "06.05.2025 02:36:08", "Checksum": "757530da8684ff83e8ed22c419d11282"}