{"Signatur": "ZH_SVG_001", "Spider": "ZH_Sozialversicherungsgericht", "Sprache": "de", "Datum": "2022-02-28", "HTML": {"Datei": "ZH_Sozialversicherungsgericht/ZH_SVG_001_UV-2020-00291_2022-02-28.html", "URL": "https://findex.webgate.cloud/entscheide/UV.2020.00291.html", "Checksum": "06341eabbcdeacc53c20cce9636c3a43"}, "Scrapedate": "2023-01-01", "Num": ["UV.2020.00291"], "Kopfzeile": [{"Sprachen": ["de"], "Text": "Z\u00fcrich Sozialversicherungsgericht 28.02.2022 UV.2020.00291"}, {"Sprachen": ["fr"], "Text": "Zurich Sozialversicherungsgericht 28.02.2022 UV.2020.00291"}, {"Sprachen": ["it"], "Text": "Zurigo Sozialversicherungsgericht 28.02.2022 UV.2020.00291"}], "Meta": [{"Sprachen": ["de"], "Text": "Z\u00fcrich Sozialversicherungsgericht "}, {"Sprachen": ["fr"], "Text": "Zurich Sozialversicherungsgericht "}, {"Sprachen": ["it"], "Text": "Zurigo Sozialversicherungsgericht "}], "Abstract": [{"Sprachen": ["de", "fr", "it"], "Text": "Bemessung des Taggeldes bei R\u00fcckfall gem\u00e4ss Sonderbestimmung. Bei einem R\u00fcckfall begr\u00fcndet die Abredeversicherung keinen Taggeldanspruch "}], "ScrapyJob": "446973/33/1947", "Zeit UTC": "24.07.2025 00:44:23", "Checksum": "6a2ec395b0fcd4dd89dca7252e007863"}