{"Signatur": "ZH_SVG_001", "Spider": "ZH_Sozialversicherungsgericht", "Sprache": "de", "Datum": "2022-11-29", "HTML": {"Datei": "ZH_Sozialversicherungsgericht/ZH_SVG_001_UV-2022-00037_2022-11-29.html", "URL": "https://findex.webgate.cloud/entscheide/UV.2022.00037.html", "Checksum": "aa5848ff3b971d35b1fda4781ff58b1f"}, "Scrapedate": "2024-01-29", "Num": ["UV.2022.00037"], "Kopfzeile": [{"Sprachen": ["de"], "Text": "Z\u00fcrich Sozialversicherungsgericht 29.11.2022 UV.2022.00037"}, {"Sprachen": ["fr"], "Text": "Zurich Sozialversicherungsgericht 29.11.2022 UV.2022.00037"}, {"Sprachen": ["it"], "Text": "Zurigo Sozialversicherungsgericht 29.11.2022 UV.2022.00037"}], "Meta": [{"Sprachen": ["de"], "Text": "Z\u00fcrich Sozialversicherungsgericht "}, {"Sprachen": ["fr"], "Text": "Zurich Sozialversicherungsgericht "}, {"Sprachen": ["it"], "Text": "Zurigo Sozialversicherungsgericht "}], "Abstract": [{"Sprachen": ["de", "fr", "it"], "Text": "Keine Leistungspflicht gest\u00fctzt auf Art. 6 Abs. 2 UVG. Meniskusl\u00e4sion \u00fcberwiegend wahrscheinlich auf vorbestehende degenerative Ver\u00e4nderungen zur\u00fcckzuf\u00fchren. "}], "ScrapyJob": "446973/33/1380", "Zeit UTC": "29.01.2024 03:16:21", "Checksum": "61b7940f1a386e8c29df40137d7e9f9b"}