{"Signatur": "ZH_SVG_001", "Spider": "ZH_Sozialversicherungsgericht", "Sprache": "de", "Datum": "2022-11-30", "HTML": {"Datei": "ZH_Sozialversicherungsgericht/ZH_SVG_001_UV-2022-00037_2022-11-30.html", "URL": "https://findex.webgate.cloud/entscheide/UV.2022.00037.html", "Checksum": "09ca097ee1711250d9e030f583498f44"}, "Scrapedate": "2023-01-01", "Num": ["UV.2022.00037"], "Kopfzeile": [{"Sprachen": ["de"], "Text": "Z\u00fcrich Sozialversicherungsgericht 30.11.2022 UV.2022.00037"}, {"Sprachen": ["fr"], "Text": "Zurich Sozialversicherungsgericht 30.11.2022 UV.2022.00037"}, {"Sprachen": ["it"], "Text": "Zurigo Sozialversicherungsgericht 30.11.2022 UV.2022.00037"}], "Meta": [{"Sprachen": ["de"], "Text": "Z\u00fcrich Sozialversicherungsgericht "}, {"Sprachen": ["fr"], "Text": "Zurich Sozialversicherungsgericht "}, {"Sprachen": ["it"], "Text": "Zurigo Sozialversicherungsgericht "}], "Abstract": [{"Sprachen": ["de", "fr", "it"], "Text": "Keine Leistungspflicht gest\u00fctzt auf Art. 6 Abs. 2 UVG. Meniskusl\u00e4sion \u00fcberwiegend wahrscheinlich auf vorbestehende degenerative Ver\u00e4nderungen zur\u00fcckzuf\u00fchren. "}], "ScrapyJob": "446973/33/1947", "Zeit UTC": "24.07.2025 00:43:24", "Checksum": "209800d96ef5211d8d9077dac3da87d3"}