{"Signatur": "ZH_SVG_001", "Spider": "ZH_Sozialversicherungsgericht", "Sprache": "de", "Datum": "2023-01-18", "HTML": {"Datei": "ZH_Sozialversicherungsgericht/ZH_SVG_001_UV-2022-00103_2023-01-18.html", "URL": "https://findex.webgate.cloud/entscheide/UV.2022.00103.html", "Checksum": "d9a2c3efe97bffcaf788a928cb252d7e"}, "Scrapedate": "2024-01-29", "Num": ["UV.2022.00103"], "Kopfzeile": [{"Sprachen": ["de"], "Text": "Z\u00fcrich Sozialversicherungsgericht 18.01.2023 UV.2022.00103"}, {"Sprachen": ["fr"], "Text": "Zurich Sozialversicherungsgericht 18.01.2023 UV.2022.00103"}, {"Sprachen": ["it"], "Text": "Zurigo Sozialversicherungsgericht 18.01.2023 UV.2022.00103"}], "Meta": [{"Sprachen": ["de"], "Text": "Z\u00fcrich Sozialversicherungsgericht "}, {"Sprachen": ["fr"], "Text": "Zurich Sozialversicherungsgericht "}, {"Sprachen": ["it"], "Text": "Zurigo Sozialversicherungsgericht "}], "Abstract": [{"Sprachen": ["de", "fr", "it"], "Text": "Pr\u00fcfung der Rechtzeitigkeit der Einsprache im Beschwerdeverfahren von Amtes wegen. Wird eine Verf\u00fcgung per A-Post Plus versandt und am Samstag in das Postfach der Kanzlei der Rechtsvertretung gelegt, so l\u00e4uft die Einsprachefrist ab dem Sonntag, unabh\u00e4ngig davon, ob das Postfach am Samstag geleert wird."}], "ScrapyJob": "446973/33/1380", "Zeit UTC": "29.01.2024 03:30:27", "Checksum": "ba82ab200f1b66de0b719eb9a2078334"}