{"Signatur": "ZH_SVG_001", "Spider": "ZH_Sozialversicherungsgericht", "Sprache": "de", "Datum": "2023-01-19", "HTML": {"Datei": "ZH_Sozialversicherungsgericht/ZH_SVG_001_UV-2022-00103_2023-01-19.html", "URL": "https://findex.webgate.cloud/entscheide/UV.2022.00103.html", "Checksum": "970c0d01d6b6584a7d82176062641b13"}, "Scrapedate": "2023-01-01", "Num": ["UV.2022.00103"], "Kopfzeile": [{"Sprachen": ["de"], "Text": "Z\u00fcrich Sozialversicherungsgericht 19.01.2023 UV.2022.00103"}, {"Sprachen": ["fr"], "Text": "Zurich Sozialversicherungsgericht 19.01.2023 UV.2022.00103"}, {"Sprachen": ["it"], "Text": "Zurigo Sozialversicherungsgericht 19.01.2023 UV.2022.00103"}], "Meta": [{"Sprachen": ["de"], "Text": "Z\u00fcrich Sozialversicherungsgericht "}, {"Sprachen": ["fr"], "Text": "Zurich Sozialversicherungsgericht "}, {"Sprachen": ["it"], "Text": "Zurigo Sozialversicherungsgericht "}], "Abstract": [{"Sprachen": ["de", "fr", "it"], "Text": "Pr\u00fcfung der Rechtzeitigkeit der Einsprache im Beschwerdeverfahren von Amtes wegen. Wird eine Verf\u00fcgung per A-Post Plus versandt und am Samstag in das Postfach der Kanzlei der Rechtsvertretung gelegt, so l\u00e4uft die Einsprachefrist ab dem Sonntag, unabh\u00e4ngig davon, ob das Postfach am Samstag geleert wird."}], "ScrapyJob": "446973/33/1947", "Zeit UTC": "24.07.2025 00:45:38", "Checksum": "05238d5db908ac906f8832159f40ed86"}